{"id":3208,"date":"2026-03-02T22:12:52","date_gmt":"2026-03-02T22:12:52","guid":{"rendered":"https:\/\/zentrum.mx\/?p=3208"},"modified":"2026-04-13T22:06:28","modified_gmt":"2026-04-13T22:06:28","slug":"innovacion-circular-en-empaque-menos-carton-mas-reutilizacion","status":"publish","type":"post","link":"https:\/\/zentrum.mx\/en\/innovacion-circular-en-empaque-menos-carton-mas-reutilizacion\/","title":{"rendered":"Innovaci\u00f3n circular en empaque: menos cart\u00f3n, m\u00e1s reutilizaci\u00f3n."},"content":{"rendered":"<p style=\"text-align: center;\">En Zentrum seguimos avanzando hacia un modelo de operaci\u00f3n m\u00e1s sostenible y eficiente.<\/p>\n<p style=\"text-align: center;\">Como parte de nuestro compromiso con la econom\u00eda circular, implementamos un proyecto interno para sustituir separadores de cart\u00f3n por l\u00e1minas de corrugado pl\u00e1stico retornable fabricadas por nosotros mismos.<\/p>\n<p style=\"text-align: center;\">A diferencia del cart\u00f3n, que pierde resistencia tras pocos ciclos y no puede reincorporarse a nuestro proceso, nuestras l\u00e1minas pl\u00e1sticas pueden reutilizarse m\u00faltiples veces y, al final de su vida \u00fatil, reciclarse para fabricar nuevas l\u00e1minas dentro de nuestra propia operaci\u00f3n.<\/p>\n<h2 style=\"text-align: center;\">Este cambio nos permite:<\/h2>\n<ul style=\"text-align: center;\">\n<li>Reducir el consumo de cart\u00f3n de un solo uso<\/li>\n<li>Extender la vida \u00fatil de los materiales de empaque<\/li>\n<li>Reincorporar residuos a nuestro proceso productivo<\/li>\n<li>Disminuir impactos ambientales asociados<\/li>\n<\/ul>\n<p style=\"text-align: center;\">En Zentrum transformamos nuestros propios materiales para cerrar el ciclo y reducir residuos.<\/p>\n<p><img decoding=\"async\" class=\"lazyload alignnone size-full wp-image-3209\" src=\"https:\/\/zentrum.mx\/wp-content\/uploads\/2026\/03\/Imagen2.png\" data-orig-src=\"https:\/\/zentrum.mx\/wp-content\/uploads\/2026\/03\/Imagen2.png\" alt=\"\" width=\"249\" height=\"223\" srcset=\"data:image\/svg+xml,%3Csvg%20xmlns%3D%27http%3A%2F%2Fwww.w3.org%2F2000%2Fsvg%27%20width%3D%27249%27%20height%3D%27223%27%20viewBox%3D%270%200%20249%20223%27%3E%3Crect%20width%3D%27249%27%20height%3D%27223%27%20fill-opacity%3D%220%22%2F%3E%3C%2Fsvg%3E\" data-srcset=\"https:\/\/zentrum.mx\/wp-content\/uploads\/2026\/03\/Imagen2-13x12.png 13w, https:\/\/zentrum.mx\/wp-content\/uploads\/2026\/03\/Imagen2-200x179.png 200w, https:\/\/zentrum.mx\/wp-content\/uploads\/2026\/03\/Imagen2.png 249w\" data-sizes=\"auto\" data-orig-sizes=\"(max-width: 249px) 100vw, 249px\" \/><\/p>\n<p>&nbsp;<\/p>","protected":false},"excerpt":{"rendered":"<p>En Zentrum seguimos avanzando hacia un modelo de operaci\u00f3n m\u00e1s  [&#8230;]<\/p>\n","protected":false},"author":2,"featured_media":3209,"comment_status":"closed","ping_status":"closed","sticky":false,"template":"","format":"standard","meta":{"footnotes":""},"categories":[1],"tags":[],"class_list":["post-3208","post","type-post","status-publish","format-standard","has-post-thumbnail","hentry","category-sin-categoria"],"acf":[],"_links":{"self":[{"href":"https:\/\/zentrum.mx\/en\/wp-json\/wp\/v2\/posts\/3208","targetHints":{"allow":["GET"]}}],"collection":[{"href":"https:\/\/zentrum.mx\/en\/wp-json\/wp\/v2\/posts"}],"about":[{"href":"https:\/\/zentrum.mx\/en\/wp-json\/wp\/v2\/types\/post"}],"author":[{"embeddable":true,"href":"https:\/\/zentrum.mx\/en\/wp-json\/wp\/v2\/users\/2"}],"replies":[{"embeddable":true,"href":"https:\/\/zentrum.mx\/en\/wp-json\/wp\/v2\/comments?post=3208"}],"version-history":[{"count":0,"href":"https:\/\/zentrum.mx\/en\/wp-json\/wp\/v2\/posts\/3208\/revisions"}],"wp:featuredmedia":[{"embeddable":true,"href":"https:\/\/zentrum.mx\/en\/wp-json\/wp\/v2\/media\/3209"}],"wp:attachment":[{"href":"https:\/\/zentrum.mx\/en\/wp-json\/wp\/v2\/media?parent=3208"}],"wp:term":[{"taxonomy":"category","embeddable":true,"href":"https:\/\/zentrum.mx\/en\/wp-json\/wp\/v2\/categories?post=3208"},{"taxonomy":"post_tag","embeddable":true,"href":"https:\/\/zentrum.mx\/en\/wp-json\/wp\/v2\/tags?post=3208"}],"curies":[{"name":"wp","href":"https:\/\/api.w.org\/{rel}","templated":true}]}}